{"id":3781,"date":"2026-04-25T02:30:21","date_gmt":"2026-04-25T02:30:21","guid":{"rendered":"https:\/\/puzzle3d.co\/blog\/mappamondo-da-parete-in-legno-come-sceglierlo\/"},"modified":"2026-04-25T02:30:21","modified_gmt":"2026-04-25T02:30:21","slug":"hogyan-valasszunk-fali-fabol-keszult-foldgombot","status":"publish","type":"post","link":"https:\/\/puzzle3d.co\/hu\/blog\/mappamondo-da-parete-in-legno-come-sceglierlo\/","title":{"rendered":"Fali fa f\u00f6ldg\u00f6mb: hogyan v\u00e1lasszuk ki"},"content":{"rendered":"<p>Egyes d\u00edsz\u00edt\u00e9sek a h\u00e1tt\u00e9rben maradnak. Egy <strong>f\u00e1b\u00f3l k\u00e9sz\u00fclt fali g\u00f6mb<\/strong> nem. Amint bel\u00e9p egy szob\u00e1ba, megv\u00e1ltoztatja a t\u00e9r hangulat\u00e1t: meleget ad, megfigyel\u00e9sre h\u00edv, kedvet csin\u00e1l egy \u00fatvonal kijel\u00f6l\u00e9s\u00e9hez, egy utaz\u00e1s felid\u00e9z\u00e9s\u00e9hez vagy a k\u00f6vetkez\u0151 elk\u00e9pzel\u00e9s\u00e9hez. \u00c9s pontosan ez az er\u0151ss\u00e9ge \u2013 nem csup\u00e1n egy felakasztand\u00f3 t\u00e1rgy, hanem egy meg\u00e9lend\u0151 projekt, k\u00fcl\u00f6n\u00f6sen akkor, ha saj\u00e1t kez\u0171leg \u00f6sszeszerelhet\u0151 k\u00e9szletk\u00e9nt sz\u00fcletik.<\/p>\n<p>Azok sz\u00e1m\u00e1ra, akik szeretik a term\u00e9szetes anyagokat, az intelligens diz\u00e1jnt \u00e9s az \u00f6sszeszerel\u00e9s \u00f6r\u00f6m\u00e9t, ez a megold\u00e1s h\u00e1rom nagyon konkr\u00e9t el\u0151nyt egyes\u00edt: berendez, sz\u00f3rakoztat \u00e9s k\u00edv\u00e1ncsis\u00e1got \u00e9breszt. Nem kell modell\u00e9p\u00edt\u0151 szak\u00e9rt\u0151nek lenni ahhoz, hogy \u00e9rt\u00e9kelj\u00fck. El\u00e9g, ha valami olyat szeretn\u00e9nk vinni otthonunkba, ami t\u00f6bb karakterrel b\u00edr, mint b\u00e1rmely nyomat, \u00e9s t\u00f6bb jelent\u00e9ssel, mint egy egyszer\u0171 d\u00edszt\u00e1rgy.<\/p>\n<h2>Mi\u00e9rt v\u00e1lasszunk fali fag\u00f6mb\u00f6t?<\/h2>\n<p>Az els\u0151 ok vizu\u00e1lis. A fa m\u00e1s jelenl\u00e9ttel b\u00edr, mint a m\u0171anyag vagy a festett f\u00e9m: melegebb, anyagszer\u0171bb, k\u00f6nnyebben illeszthet\u0151 modern, klasszikus vagy kreat\u00edv k\u00f6rnyezetbe. Egy nappaliban, dolgoz\u00f3szob\u00e1ban vagy gyerekszob\u00e1ban egy fali fag\u00f6mb felt\u0171n\u0151 an\u00e9lk\u00fcl, hogy tolakod\u00f3 lenne.<\/p>\n<p>Azt\u00e1n ott van az \u00e9lm\u00e9nybeli aspektus. Amikor a modell k\u00e9szletk\u00e9nt \u00e9rkezik, az \u00e9rt\u00e9k nemcsak a v\u00e9geredm\u00e9nyben rejlik, hanem az \u00fat sor\u00e1n is. Az alkatr\u00e9szek \u00f6sszeszerel\u00e9se, a kapcsol\u00f3d\u00e1sok k\u00f6vet\u00e9se, a forma darabr\u00f3l darabra \u00e9letre kel\u00e9s\u00e9nek l\u00e1tv\u00e1nya sokkal szem\u00e9lyesebb\u00e9 teszi a t\u00e1rgyat. Ez konkr\u00e9t k\u00fcl\u00f6nbs\u00e9g egy k\u00e9sz dekor\u00e1ci\u00f3hoz k\u00e9pest: itt van a r\u00e1ford\u00edtott id\u0151, a koncentr\u00e1ci\u00f3, a megel\u00e9gedetts\u00e9g, hogy valami sz\u00e9pet \u00e9s rendezettet alkottunk a saj\u00e1t kez\u00fcnkkel.<\/p>\n<p>V\u00e9g\u00fcl ott van az oktat\u00e1si oldal, ami sok csal\u00e1d sz\u00e1m\u00e1ra val\u00f3ban k\u00fcl\u00f6nbs\u00e9get tesz. A falra akasztott vil\u00e1gt\u00e9rk\u00e9p spont\u00e1n k\u00e9rd\u00e9seket \u00e9breszt. Hol van az az orsz\u00e1g? Mekkora egy kontinens? Milyen \u00fatvonalak k\u00f6tik \u00f6ssze az \u00e1ltalunk ismert helyeket? Gyerekek sz\u00e1m\u00e1ra ez egy term\u00e9szetes m\u00f3dja a f\u00f6ldrajzhoz val\u00f3 k\u00f6zeled\u00e9snek. Feln\u0151ttek sz\u00e1m\u00e1ra pedig \u00e1lland\u00f3 eml\u00e9keztet\u0151 a felfedez\u00e9sre.<\/p>\n<h2>Nem csak dekor\u00e1ci\u00f3: kreat\u00edv tev\u00e9kenys\u00e9g is<\/h2>\n<p>Egy j\u00f3 fak\u00e9szlet t\u00f6bb szinten m\u0171k\u00f6dik. Egyr\u00e9szt ott van a k\u00e9zm\u0171ves \u00f6r\u00f6m a ragaszt\u00f3 \u00e9s speci\u00e1lis szersz\u00e1mok n\u00e9lk\u00fcli \u00f6sszeszerel\u00e9s sor\u00e1n, ami a kev\u00e9sb\u00e9 gyakorlottak sz\u00e1m\u00e1ra is el\u00e9rhet\u0151v\u00e9 teszi az \u00e9lm\u00e9nyt. M\u00e1sr\u00e9szt ott van a v\u00e9gs\u0151 eszt\u00e9tikai eredm\u00e9ny, ami a szob\u00e1ban marad, \u00e9s nap mint nap \u00e9rt\u00e9ket ad.<\/p>\n<p>Ez a fajta term\u00e9k az\u00e9rt nagyon n\u00e9pszer\u0171, mert egyre vil\u00e1gosabb ig\u00e9nyre v\u00e1laszol: \u00e9rtelmesen offline id\u0151t t\u00f6lteni. Egy fali f\u00f6ldg\u00f6mb \u00e9p\u00edt\u00e9s\u00e9hez nincs sz\u00fcks\u00e9g elemekre, alkalmaz\u00e1sokra vagy k\u00e9perny\u0151kre. Figyelmet, rendet \u00e9s egy kis t\u00fcrelmet ig\u00e9nyel. \u00c9ppen ez\u00e9rt relax\u00e1l. \u00c9s ha a tev\u00e9kenys\u00e9get p\u00e1rban vagy csal\u00e1dban v\u00e9gezz\u00fck, az egy megosztott pillanatt\u00e1 v\u00e1lik, amely t\u00f6bb tartalommal b\u00edr, mint sok gyors id\u0151t\u00f6lt\u00e9s.<\/p>\n<p>Aj\u00e1nd\u00e9kot keres\u0151k sz\u00e1m\u00e1ra az el\u0151ny nyilv\u00e1nval\u00f3. Eredeti, de nem furcsa, hasznos, de nem ban\u00e1lis, dekorat\u00edv, de mag\u00e1val ragad\u00f3 is. Gyakorlatilag elker\u00fcli a szem\u00e9lytelen aj\u00e1nd\u00e9kok tipikus probl\u00e9m\u00e1j\u00e1t, amelyeket udvariass\u00e1gb\u00f3l \u00e9rt\u00e9kelnek, majd gyorsan elfelejtenek.<\/p>\n<h2>Hogyan v\u00e1lasszuk ki a megfelel\u0151 fali fag\u00f6mb\u00f6t?<\/h2>\n<p>A v\u00e1laszt\u00e1s els\u0151sorban h\u00e1rom t\u00e9nyez\u0151t\u0151l f\u00fcgg: a rendelkez\u00e9sre \u00e1ll\u00f3 helyt\u0151l, a k\u00edv\u00e1nt \u00e9lm\u00e9ny t\u00edpus\u00e1t\u00f3l \u00e9s att\u00f3l, akinek sz\u00e1njuk.<\/p>\n<h3>M\u00e9retek \u00e9s ar\u00e1nyok<\/h3>\n<p>Egy nagy falon egy nagy modell azonnal l\u00e1tv\u00e1nyos hat\u00e1st kelt. Egy kis dolgoz\u00f3szob\u00e1ban vagy gyerekszob\u00e1ban viszont \u00e9rdemes kiegyens\u00falyozottabb form\u00e1tumot v\u00e1lasztani, ami nem terheli t\u00fal a k\u00f6rnyezetet. A megfelel\u0151 m\u00e9ret nem mindig a legnagyobb. Sokat sz\u00e1m\u00edt a b\u00fatorokkal, \u00edr\u00f3asztallal, k\u00f6nyvespolccal \u00e9s a term\u00e9szetes f\u00e9nnyel val\u00f3 kapcsolat.<\/p>\n<p>Gyakori hiba, hogy csak a kezdeti hat\u00e1sra gondolunk. Jobb, ha megk\u00e9rdezz\u00fck magunkt\u00f3l, hogyan fog a f\u00f6ldg\u00f6mb mindennap p\u00e1rbesz\u00e9det folytatni a szob\u00e1val. Ha a fal m\u00e1r tele van k\u00e9pekkel, polcokkal vagy er\u0151s sz\u00ednekkel, egy letisztult diz\u00e1jn jobban m\u0171k\u00f6dik. Ha viszont a t\u00e9r letisztult, egy \u00f6sszetettebb modell is k\u00f6nnyed\u00e9n v\u00e1lhat a f\u00f3kuszpontt\u00e1.<\/p>\n<h3>\u00d6sszeszerel\u00e9si szint<\/h3>\n<p>Itt j\u00f6n k\u00e9pbe a szem\u00e9lyes tapasztalat. A kezd\u0151k \u00e9rt\u00e9kelik a j\u00f3l megtervezett k\u00e9szleteket, intuit\u00edv kapcsol\u00f3d\u00e1sokkal \u00e9s line\u00e1ris \u00f6sszeszerel\u00e9ssel. Aki viszont szereti a r\u00e9szletesebb modell\u00e9p\u00edt\u00e9st, az \u00e1ltal\u00e1ban gazdagabb fel\u00e9p\u00edt\u00e9st keres, amely k\u00e9pes fokozatos el\u00e9gedetts\u00e9get ny\u00fajtani az \u00f6sszeszerel\u00e9s sor\u00e1n.<\/p>\n<p>Nem l\u00e9tezik abszol\u00fat helyes v\u00e1laszt\u00e1s. Att\u00f3l f\u00fcgg, mennyi id\u0151t szeretn\u00e9nk a projektre sz\u00e1nni, \u00e9s mi a v\u00e9gs\u0151 c\u00e9l. Ha az aj\u00e1nd\u00e9k 7 \u00e9ves \u00e9s id\u0151sebb gyermekes csal\u00e1doknak sz\u00f3l, az el\u00e9rhet\u0151s\u00e9g sokat sz\u00e1m\u00edt. Ha egy f\u00e1b\u00f3l k\u00e9sz\u00fclt \u00e9p\u00edtm\u00e9nyek ir\u00e1nt rajong\u00f3 feln\u0151ttnek sz\u00f3l, a magasabb r\u00e9szletess\u00e9g a b\u00e1j r\u00e9sze lehet.<\/p>\n<h3>A k\u00f6rnyezet st\u00edlusa<\/h3>\n<p>A fa sz\u00e9ps\u00e9ge, hogy k\u00f6nnyen alkalmazkodik, de nem minden modell ugyanazt az \u00fczenetet k\u00f6zvet\u00edti. N\u00e9melyek letisztultabb, kort\u00e1rs eszt\u00e9tik\u00e1val b\u00edrnak, m\u00e1sok klasszikusabb vagy technikaibb hat\u00e1sra t\u00f6rekednek. Egy \u00e9szaki vagy minimalista \u00edzl\u00e9s\u0171 otthonban az egyszer\u0171 vonalak jobban kiemelik az anyagot. Egy kreat\u00edv st\u00fadi\u00f3ban vagy hobbiszob\u00e1ban ak\u00e1r egy r\u00e9szletgazdagabb megjelen\u00e9s is nagyon j\u00f3l m\u0171k\u00f6dhet.<\/p>\n<h2>A fa el\u0151nyei m\u00e1s anyagokkal szemben<\/h2>\n<p>Amikor fali dekor\u00e1ci\u00f3r\u00f3l van sz\u00f3, az anyag val\u00f3ban megv\u00e1ltoztatja a haszn\u00e1lati \u00e9lm\u00e9nyt. A fa autentikusabb \u00e9rz\u00e9st k\u00f6zvet\u00edt. Ez nem csak eszt\u00e9tikai k\u00e9rd\u00e9s: \u00e9rezhet\u0151 tapint\u00e1sra, a fel\u00fcletkezel\u00e9sben, abban, ahogyan visszaveri a f\u00e9nyt, \u00e9s abban a jelenl\u00e9tben, amit a szob\u00e1ban sug\u00e1roz.<\/p>\n<p>Van azt\u00e1n egy szempont, ami egyre jobban foglalkoztatja a tudatos v\u00e1s\u00e1rl\u00f3kat: a fenntarthat\u00f3s\u00e1g. Term\u00e9szetes anyagokat v\u00e1lasztani azt jelenti, hogy olyan term\u00e9kek fel\u00e9 orient\u00e1l\u00f3dunk, amelyek hat\u00e1sa elt\u00e9r a sok szintetikus alternat\u00edv\u00e1\u00e9t\u00f3l. Egy olyan m\u00e1rka sz\u00e1m\u00e1ra, mint a Puzzle3D, ez az elem nem mell\u00e9kes r\u00e9szlet, hanem a term\u00e9k identit\u00e1s\u00e1nak r\u00e9sze.<\/p>\n<p>A gyakorlati oldalon is megvannak a fa er\u0151ss\u00e9gei. Ha j\u00f3l van megmunk\u00e1lva, precizit\u00e1st k\u00edn\u00e1l az illeszt\u00e9sekben, stabilit\u00e1st \u00e9s egy olyan eszt\u00e9tik\u00e1t, ami sz\u00e9pen \u00f6regszik. Nincs meg az a hideg vagy szabv\u00e1nyos\u00edtott hat\u00e1sa, ami gyakran jellemzi a kev\u00e9sb\u00e9 nemes anyagokb\u00f3l sorozatgy\u00e1rtott t\u00e1rgyakat.<\/p>\n<h2>Fa fali f\u00f6ldg\u00f6mb gyerekeknek, feln\u0151tteknek \u00e9s aj\u00e1nd\u00e9k\u00f6tleteknek<\/h2>\n<p>Az egyik ok, ami\u00e9rt ez a term\u00e9k ilyen j\u00f3l m\u0171k\u00f6dik, a sokoldal\u00fas\u00e1ga. Gyerekeknek egy konkr\u00e9t, oktat\u00f3 jelleg\u0171 tev\u00e9kenys\u00e9g, ami fejleszti a k\u00e9z\u00fcgyess\u00e9get, a figyelmet \u00e9s a t\u00e9rbeli t\u00e1j\u00e9koz\u00f3d\u00e1st. Az, hogy a v\u00e9geredm\u00e9ny l\u00e1that\u00f3 marad a szob\u00e1ban, meghosszabb\u00edtja az \u00e9lm\u00e9nyt az \u00f6sszeszerel\u00e9s pillanat\u00e1n t\u00fal.<\/p>\n<p>A feln\u0151ttek sz\u00e1m\u00e1ra viszont gyakran kett\u0151s a var\u00e1zs. Egyr\u00e9szt ott van a rendezett, felesleges bonyodalmak n\u00e9lk\u00fcli bark\u00e1csol\u00e1s \u00f6r\u00f6me. M\u00e1sr\u00e9szt ott van egy olyan t\u00e1rgy dekorat\u00edv \u00e9rt\u00e9ke, ami nem t\u0171nik utols\u00f3 pillanatban v\u00e1lasztottnak, hanem \u00edzl\u00e9sr\u0151l, k\u00edv\u00e1ncsis\u00e1gr\u00f3l \u00e9s a r\u00e9szletekre val\u00f3 odafigyel\u00e9sr\u0151l mes\u00e9l.<\/p>\n<p>Aj\u00e1nd\u00e9kk\u00e9nt sok alkalomra illik. Sz\u00fclet\u00e9snapokra, \u00fcnnepekre, \u00e9vfordul\u00f3kra, gondolatokra azoknak, akik szeretnek utazni, vagy egyszer\u0171en csak azoknak, akik \u00e9rt\u00e9kelik az intelligens kreativit\u00e1st. Az el\u0151nye, hogy nem kell t\u00f6k\u00e9letesen ismerni a megaj\u00e1nd\u00e9kozott \u00edzl\u00e9s\u00e9t. Egy fa fali f\u00f6ldg\u00f6mb sz\u00e9les k\u00f6r\u0171, \u00e1tfog\u00f3 jelleggel b\u00edr, m\u00e9gis jellegzetes marad.<\/p>\n<h2>Mit \u00e9rdemes m\u00e9rlegelni v\u00e1s\u00e1rl\u00e1s el\u0151tt<\/h2>\n<p>Az eszt\u00e9tik\u00e1n k\u00edv\u00fcl \u00e9rdemes figyelembe venni a v\u00e1g\u00e1s min\u0151s\u00e9g\u00e9t, az utas\u00edt\u00e1sok \u00e9rthet\u0151s\u00e9g\u00e9t \u00e9s a sz\u00fcks\u00e9ges \u00f6sszeszerel\u00e9s t\u00edpus\u00e1t. Egy j\u00f3l megtervezett k\u00e9szlet \u00e9lvezetess\u00e9 teszi a folyamatot. Egy kev\u00e9sb\u00e9 gondozott kock\u00e1ztatja, hogy egy pihentet\u0151 id\u0151t\u00f6lt\u00e9st t\u00fcrelempr\u00f3b\u00e1v\u00e1 v\u00e1ltoztat. Itt \u00e9rz\u0151dik meg azonnal a k\u00fcl\u00f6nbs\u00e9g egy \u00e1ltal\u00e1nos term\u00e9k \u00e9s egy j\u00f3l \u00e1tgondolt modell k\u00f6z\u00f6tt.<\/p>\n<p>A ragaszt\u00f3 n\u00e9lk\u00fcli \u00f6sszeszerel\u00e9s k\u00f6nnyeds\u00e9ge szint\u00e9n val\u00f3di el\u0151ny, nem csak egy technikai jellemz\u0151. Cs\u00f6kkenti a rendetlens\u00e9get, leegyszer\u0171s\u00edti a tev\u00e9kenys\u00e9get \u00e9s alkalmass\u00e1 teszi a term\u00e9ket csal\u00e1di k\u00f6rnyezetre. Ugyanez vonatkozik a speci\u00e1lis szersz\u00e1mok hi\u00e1ny\u00e1ra: min\u00e9l el\u00e9rhet\u0151bb az \u00e9lm\u00e9ny, ann\u00e1l k\u00f6nnyebb t\u00e9nylegesen belev\u00e1gni.<\/p>\n<p>\u00c9rdemes a v\u00e9gs\u0151 rendeltet\u00e9si helyre is gondolni. Ha a f\u00f6ldg\u00f6mb a h\u00e1z egy nagyon haszn\u00e1lt r\u00e9sz\u00e9be ker\u00fcl, \u00e9rdemes olyan modellt v\u00e1lasztani, amely er\u0151s dekorat\u00edv hat\u00e1ssal b\u00edr. Ha viszont a f\u0151 \u00f6r\u00f6m az \u00e9p\u00edt\u00e9s, akkor a f\u00f3kusz \u00e1thelyez\u0151dhet a k\u00e9szlet \u00f6sszetetts\u00e9g\u00e9re \u00e9s a k\u00e9zm\u0171ves \u00e9lm\u00e9ny min\u0151s\u00e9g\u00e9re.<\/p>\n<h2>Egy t\u00e1rgy, ami megmarad<\/h2>\n<p>Vannak term\u00e9kek, amelyek egy \u00f3r\u00e1ra sz\u00f3rakoztatnak, azt\u00e1n elt\u0171nnek. Egy fa fali f\u00f6ldg\u00f6mb ennek az ellenkez\u0151j\u00e9t teszi. El\u0151sz\u00f6r bevon az \u00f6sszeszerel\u00e9sbe, azt\u00e1n tov\u00e1bb \u00e9l a k\u00f6rnyezetben, minden nap. Ritka egyens\u00faly a kreat\u00edv id\u0151t\u00f6lt\u00e9s, a lakberendez\u00e9si elem \u00e9s az oktat\u00f3 jelleg\u0171 \u00f6tlet k\u00f6z\u00f6tt.<\/p>\n<p>Ez\u00e9rt tetszik k\u00fcl\u00f6nb\u00f6z\u0151 k\u00f6z\u00f6ns\u00e9geknek an\u00e9lk\u00fcl, hogy elvesz\u00edten\u00e9 az identit\u00e1s\u00e1t. A gyerekekhez sz\u00f3l, mert serkenti a felfedez\u00e9st, a feln\u0151ttekhez, mert egy konkr\u00e9t projektet k\u00edn\u00e1l, \u00e9s azokhoz, akik aj\u00e1nd\u00e9koznak, mert egyes\u00edti a hasznoss\u00e1got, a sz\u00e9ps\u00e9get \u00e9s az eredetis\u00e9get. Ha olyasmit keresel, aminek van jelenl\u00e9te, \u00e9rtelme \u00e9s az \u00e9p\u00edt\u00e9s \u00f6r\u00f6me is, ez az egyike azoknak a v\u00e1laszt\u00e1soknak, amelyek nem \u00e9rnek v\u00e9get, amikor kinyitod a dobozt. Pontosan ott kezd\u0151dnek.<\/p>","protected":false},"excerpt":{"rendered":"<p>Fedezze fel, hogyan v\u00e1lasszon fa fali f\u00f6ldg\u00f6mb\u00f6t: diz\u00e1jn, m\u00e9retek, \u00f6sszeszerel\u00e9s \u00e9s oktat\u00e1si \u00e9rt\u00e9k otthonra, tanul\u00e1shoz vagy aj\u00e1nd\u00e9kba.<\/p>","protected":false},"author":10,"featured_media":3782,"comment_status":"open","ping_status":"open","sticky":false,"template":"","format":"standard","meta":{"footnotes":""},"categories":[1],"tags":[],"class_list":["post-3781","post","type-post","status-publish","format-standard","has-post-thumbnail","hentry","category-genitorialita"],"_links":{"self":[{"href":"https:\/\/puzzle3d.co\/hu\/wp-json\/wp\/v2\/posts\/3781","targetHints":{"allow":["GET"]}}],"collection":[{"href":"https:\/\/puzzle3d.co\/hu\/wp-json\/wp\/v2\/posts"}],"about":[{"href":"https:\/\/puzzle3d.co\/hu\/wp-json\/wp\/v2\/types\/post"}],"author":[{"embeddable":true,"href":"https:\/\/puzzle3d.co\/hu\/wp-json\/wp\/v2\/users\/10"}],"replies":[{"embeddable":true,"href":"https:\/\/puzzle3d.co\/hu\/wp-json\/wp\/v2\/comments?post=3781"}],"version-history":[{"count":0,"href":"https:\/\/puzzle3d.co\/hu\/wp-json\/wp\/v2\/posts\/3781\/revisions"}],"wp:featuredmedia":[{"embeddable":true,"href":"https:\/\/puzzle3d.co\/hu\/wp-json\/wp\/v2\/media\/3782"}],"wp:attachment":[{"href":"https:\/\/puzzle3d.co\/hu\/wp-json\/wp\/v2\/media?parent=3781"}],"wp:term":[{"taxonomy":"category","embeddable":true,"href":"https:\/\/puzzle3d.co\/hu\/wp-json\/wp\/v2\/categories?post=3781"},{"taxonomy":"post_tag","embeddable":true,"href":"https:\/\/puzzle3d.co\/hu\/wp-json\/wp\/v2\/tags?post=3781"}],"curies":[{"name":"wp","href":"https:\/\/api.w.org\/{rel}","templated":true}]}}